{"id":2683,"date":"2020-02-14T10:44:39","date_gmt":"2020-02-14T10:44:39","guid":{"rendered":"http:\/\/mastral.dinaninformatica.es\/tarifas-red-tuna-protagonist-at-fitur\/"},"modified":"2020-06-29T07:52:00","modified_gmt":"2020-06-29T07:52:00","slug":"tarifas-red-tuna-protagonist-at-fitur","status":"publish","type":"post","link":"https:\/\/mastral.com\/fr\/tarifas-red-tuna-protagonist-at-fitur\/","title":{"rendered":"Le thon rouge de Tarifa, protagoniste de Fitur"},"content":{"rendered":"<p>En janvier prochain, le Salon international du tourisme (FITUR) 2020 aura lieu \u00e0 Madrid, et Tarifa, comme chaque ann\u00e9e, sera pr\u00e9sente pour montrer au public ses nombreuses possibilit\u00e9s en mati\u00e8re de sport, d&rsquo;activit\u00e9s de plein air, de nature ou de culture entre autres, et \u00e0 eux, dans le prochain rendez-vous, se joindra la gastronomie, et plus particuli\u00e8rement le thon rouge qui sera tr\u00e8s pr\u00e9sent avec diff\u00e9rents plats de d\u00e9gustation.<\/p>\n<p>Le conseil municipal et l&rsquo;association gastronomique de Tarifa pr\u00e9pareront plusieurs d\u00e9gustations de thon rouge, et les diff\u00e9rentes mani\u00e8res de le cuisiner qui sont travaill\u00e9es dans la ville, depuis le thon en conserve jusqu&rsquo;au thon fum\u00e9 Makintosh (r\u00e9cemment reconnu \u00e0 Londres avec le premier prix de la foire ib\u00e9rique Expo London), ou la nouvelle marque de Tarifa cr\u00e9\u00e9e par l&rsquo;association des p\u00eacheurs, Red Tuna from Tarifa entre autres.<\/p>\n<p>Comme le souligne le conseiller au tourisme de la mairie de Tarifa, il s&rsquo;agit \u00ab\u00a0d&rsquo;une possibilit\u00e9 de plus dans le large \u00e9ventail de tourisme propos\u00e9 \u00e0 Tarifa\u00a0\u00bb. Nous avons sept routes du thon, et chaque ann\u00e9e nous d\u00e9passons la pr\u00e9c\u00e9dente. L'\u00a0\u00bbor rouge\u00a0\u00bb fait partie de notre gastronomie et de notre culture, et lors d&rsquo;\u00e9v\u00e9nements tels que FITUR, nous devons montrer au public les d\u00e9lices culinaires que la ville poss\u00e8de, et nous le ferons main dans la main avec ceux qui le connaissent, comme les hommes d&rsquo;affaires de l&rsquo;Association gastronomique\u00a0\u00bb.<\/p>\n","protected":false},"excerpt":{"rendered":"<p>En janvier prochain, le Salon international du tourisme (FITUR) 2020 aura lieu \u00e0 Madrid, et Tarifa, comme chaque ann\u00e9e, sera pr\u00e9sente pour montrer au public ses nombreuses possibilit\u00e9s en mati\u00e8re de sport, d&rsquo;activit\u00e9s de plein air, de nature ou de [&hellip;]<\/p>\n","protected":false},"author":1,"featured_media":2031,"comment_status":"open","ping_status":"open","sticky":false,"template":"","format":"standard","meta":[],"categories":[121],"tags":[],"yoast_head":"<!-- This site is optimized with the Yoast SEO plugin v16.1.1 - https:\/\/yoast.com\/wordpress\/plugins\/seo\/ -->\n<title>Le thon rouge de Tarifa, protagoniste de Fitur | Molino el Mastral Tarifa<\/title>\n<meta name=\"description\" content=\"En janvier prochain, le Salon international du tourisme (FITUR) 2020 aura lieu \u00e0 Madrid, et Tarifa, comme chaque ann\u00e9e, sera pr\u00e9sente pour montrer au public\" \/>\n<link rel=\"canonical\" href=\"https:\/\/mastral.com\/fr\/tarifas-red-tuna-protagonist-at-fitur\/\" \/>\n<meta property=\"og:locale\" content=\"fr_FR\" \/>\n<meta property=\"og:type\" content=\"article\" \/>\n<meta property=\"og:title\" content=\"Le thon rouge de Tarifa, protagoniste de Fitur | Molino el Mastral Tarifa\" \/>\n<meta property=\"og:description\" content=\"En janvier prochain, le Salon international du tourisme (FITUR) 2020 aura lieu \u00e0 Madrid, et Tarifa, comme chaque ann\u00e9e, sera pr\u00e9sente pour montrer au public\" \/>\n<meta property=\"og:url\" content=\"https:\/\/mastral.com\/fr\/tarifas-red-tuna-protagonist-at-fitur\/\" \/>\n<meta property=\"og:site_name\" content=\"Molino El Mastral | Casa Rural en Tarifa\" \/>\n<meta property=\"article:published_time\" content=\"2020-02-14T10:44:39+00:00\" \/>\n<meta property=\"article:modified_time\" content=\"2020-06-29T07:52:00+00:00\" \/>\n<meta property=\"og:image\" content=\"https:\/\/mastral.com\/wp-content\/uploads\/2020\/01\/atun-rojo.jpg\" \/>\n\t<meta property=\"og:image:width\" content=\"654\" \/>\n\t<meta property=\"og:image:height\" content=\"323\" \/>\n<meta name=\"twitter:card\" content=\"summary_large_image\" \/>\n<meta name=\"twitter:label1\" content=\"Dur\u00e9e de lecture est.\">\n\t<meta name=\"twitter:data1\" content=\"1 minute\">\n<script type=\"application\/ld+json\" class=\"yoast-schema-graph\">{\"@context\":\"https:\/\/schema.org\",\"@graph\":[{\"@type\":\"Organization\",\"@id\":\"https:\/\/mastral.com\/#organization\",\"name\":\"Molino el Mastral\",\"url\":\"https:\/\/mastral.com\/\",\"sameAs\":[\"https:\/\/www.instagram.com\/molinoelmastral5\/\"],\"logo\":{\"@type\":\"ImageObject\",\"@id\":\"https:\/\/mastral.com\/#logo\",\"inLanguage\":\"fr-FR\",\"url\":\"https:\/\/mastral.com\/wp-content\/uploads\/2019\/12\/logox2.png\",\"contentUrl\":\"https:\/\/mastral.com\/wp-content\/uploads\/2019\/12\/logox2.png\",\"width\":398,\"height\":238,\"caption\":\"Molino el Mastral\"},\"image\":{\"@id\":\"https:\/\/mastral.com\/#logo\"}},{\"@type\":\"WebSite\",\"@id\":\"https:\/\/mastral.com\/#website\",\"url\":\"https:\/\/mastral.com\/\",\"name\":\"Molino El Mastral | Casa Rural en Tarifa\",\"description\":\"Casa Rural en Tarifa\",\"publisher\":{\"@id\":\"https:\/\/mastral.com\/#organization\"},\"potentialAction\":[{\"@type\":\"SearchAction\",\"target\":\"https:\/\/mastral.com\/?s={search_term_string}\",\"query-input\":\"required name=search_term_string\"}],\"inLanguage\":\"fr-FR\"},{\"@type\":\"ImageObject\",\"@id\":\"https:\/\/mastral.com\/fr\/tarifas-red-tuna-protagonist-at-fitur\/#primaryimage\",\"inLanguage\":\"fr-FR\",\"url\":\"https:\/\/mastral.com\/wp-content\/uploads\/2020\/01\/atun-rojo.jpg\",\"contentUrl\":\"https:\/\/mastral.com\/wp-content\/uploads\/2020\/01\/atun-rojo.jpg\",\"width\":654,\"height\":323},{\"@type\":\"WebPage\",\"@id\":\"https:\/\/mastral.com\/fr\/tarifas-red-tuna-protagonist-at-fitur\/#webpage\",\"url\":\"https:\/\/mastral.com\/fr\/tarifas-red-tuna-protagonist-at-fitur\/\",\"name\":\"Le thon rouge de Tarifa, protagoniste de Fitur | Molino el Mastral Tarifa\",\"isPartOf\":{\"@id\":\"https:\/\/mastral.com\/#website\"},\"primaryImageOfPage\":{\"@id\":\"https:\/\/mastral.com\/fr\/tarifas-red-tuna-protagonist-at-fitur\/#primaryimage\"},\"datePublished\":\"2020-02-14T10:44:39+00:00\",\"dateModified\":\"2020-06-29T07:52:00+00:00\",\"description\":\"En janvier prochain, le Salon international du tourisme (FITUR) 2020 aura lieu \\u00e0 Madrid, et Tarifa, comme chaque ann\\u00e9e, sera pr\\u00e9sente pour montrer au public\",\"breadcrumb\":{\"@id\":\"https:\/\/mastral.com\/fr\/tarifas-red-tuna-protagonist-at-fitur\/#breadcrumb\"},\"inLanguage\":\"fr-FR\",\"potentialAction\":[{\"@type\":\"ReadAction\",\"target\":[\"https:\/\/mastral.com\/fr\/tarifas-red-tuna-protagonist-at-fitur\/\"]}]},{\"@type\":\"BreadcrumbList\",\"@id\":\"https:\/\/mastral.com\/fr\/tarifas-red-tuna-protagonist-at-fitur\/#breadcrumb\",\"itemListElement\":[{\"@type\":\"ListItem\",\"position\":1,\"item\":{\"@type\":\"WebPage\",\"@id\":\"https:\/\/mastral.com\/fr\/\",\"url\":\"https:\/\/mastral.com\/fr\/\",\"name\":\"Portada\"}},{\"@type\":\"ListItem\",\"position\":2,\"item\":{\"@type\":\"WebPage\",\"@id\":\"https:\/\/mastral.com\/fr\/tarifas-red-tuna-protagonist-at-fitur\/\",\"url\":\"https:\/\/mastral.com\/fr\/tarifas-red-tuna-protagonist-at-fitur\/\",\"name\":\"Le thon rouge de Tarifa, protagoniste de Fitur\"}}]},{\"@type\":\"Article\",\"@id\":\"https:\/\/mastral.com\/fr\/tarifas-red-tuna-protagonist-at-fitur\/#article\",\"isPartOf\":{\"@id\":\"https:\/\/mastral.com\/fr\/tarifas-red-tuna-protagonist-at-fitur\/#webpage\"},\"author\":{\"@id\":\"https:\/\/mastral.com\/#\/schema\/person\/acdb4dda2b298bfcc1635f29df84a82e\"},\"headline\":\"Le thon rouge de Tarifa, protagoniste de Fitur\",\"datePublished\":\"2020-02-14T10:44:39+00:00\",\"dateModified\":\"2020-06-29T07:52:00+00:00\",\"mainEntityOfPage\":{\"@id\":\"https:\/\/mastral.com\/fr\/tarifas-red-tuna-protagonist-at-fitur\/#webpage\"},\"commentCount\":0,\"publisher\":{\"@id\":\"https:\/\/mastral.com\/#organization\"},\"image\":{\"@id\":\"https:\/\/mastral.com\/fr\/tarifas-red-tuna-protagonist-at-fitur\/#primaryimage\"},\"articleSection\":\"Informations\",\"inLanguage\":\"fr-FR\",\"potentialAction\":[{\"@type\":\"CommentAction\",\"name\":\"Comment\",\"target\":[\"https:\/\/mastral.com\/fr\/tarifas-red-tuna-protagonist-at-fitur\/#respond\"]}]},{\"@type\":\"Person\",\"@id\":\"https:\/\/mastral.com\/#\/schema\/person\/acdb4dda2b298bfcc1635f29df84a82e\",\"name\":\"admin\",\"image\":{\"@type\":\"ImageObject\",\"@id\":\"https:\/\/mastral.com\/#personlogo\",\"inLanguage\":\"fr-FR\",\"url\":\"https:\/\/secure.gravatar.com\/avatar\/c82b2342468dda06a2db01d120b2ae06?s=96&d=mm&r=g\",\"contentUrl\":\"https:\/\/secure.gravatar.com\/avatar\/c82b2342468dda06a2db01d120b2ae06?s=96&d=mm&r=g\",\"caption\":\"admin\"}}]}<\/script>\n<!-- \/ Yoast SEO plugin. -->","_links":{"self":[{"href":"https:\/\/mastral.com\/fr\/wp-json\/wp\/v2\/posts\/2683"}],"collection":[{"href":"https:\/\/mastral.com\/fr\/wp-json\/wp\/v2\/posts"}],"about":[{"href":"https:\/\/mastral.com\/fr\/wp-json\/wp\/v2\/types\/post"}],"author":[{"embeddable":true,"href":"https:\/\/mastral.com\/fr\/wp-json\/wp\/v2\/users\/1"}],"replies":[{"embeddable":true,"href":"https:\/\/mastral.com\/fr\/wp-json\/wp\/v2\/comments?post=2683"}],"version-history":[{"count":2,"href":"https:\/\/mastral.com\/fr\/wp-json\/wp\/v2\/posts\/2683\/revisions"}],"predecessor-version":[{"id":2685,"href":"https:\/\/mastral.com\/fr\/wp-json\/wp\/v2\/posts\/2683\/revisions\/2685"}],"wp:featuredmedia":[{"embeddable":true,"href":"https:\/\/mastral.com\/fr\/wp-json\/wp\/v2\/media\/2031"}],"wp:attachment":[{"href":"https:\/\/mastral.com\/fr\/wp-json\/wp\/v2\/media?parent=2683"}],"wp:term":[{"taxonomy":"category","embeddable":true,"href":"https:\/\/mastral.com\/fr\/wp-json\/wp\/v2\/categories?post=2683"},{"taxonomy":"post_tag","embeddable":true,"href":"https:\/\/mastral.com\/fr\/wp-json\/wp\/v2\/tags?post=2683"}],"curies":[{"name":"wp","href":"https:\/\/api.w.org\/{rel}","templated":true}]}}