{"id":2622,"date":"2020-02-25T09:23:48","date_gmt":"2020-02-25T09:23:48","guid":{"rendered":"http:\/\/mastral.dinaninformatica.es\/?p=2622"},"modified":"2020-02-25T09:25:28","modified_gmt":"2020-02-25T09:25:28","slug":"carnaval-de-tarifa","status":"publish","type":"post","link":"https:\/\/mastral.com\/fr\/carnaval-de-tarifa\/","title":{"rendered":"Carnaval de Tarifa"},"content":{"rendered":"<p>Le guichet du th\u00e9\u00e2tre Alameda ouvrira t\u00f4t mercredi prochain. De neuf heures du matin \u00e0 deux heures de l&rsquo;apr\u00e8s-midi, les billets pour le concours de groupement de carnaval, pr\u00e9vu pour les 2, 3 et 4 mars, seront en vente. Comme par le pass\u00e9, chaque personne int\u00e9ress\u00e9e peut acheter un maximum de quatre billets.<\/p>\n<p>La vente des billets individuels pour chacune des deux demi-finales et la grande finale aura lieu le lendemain, jeudi 27 f\u00e9vrier, \u00e0 la m\u00eame heure de 9h \u00e0 14h.<\/p>\n<p>Pendant les jours de la comp\u00e9tition, il y aura \u00e9galement des heures d&rsquo;ouverture sp\u00e9cifiques du guichet du th\u00e9\u00e2tre. Il sera de 17h \u00e0 19h et chaque jour des billets sp\u00e9cifiques pour la journ\u00e9e en cours seront mis en vente. Chaque int\u00e9ress\u00e9 peut retirer au maximum deux billets.<\/p>\n<p>Enfin, 13 groupes d\u00e9fileront sur la sc\u00e8ne du Th\u00e9\u00e2tre Alameda tout au long de cette \u00e9dition du concours. Sept chirigotas et six comparsas de diff\u00e9rentes parties de la r\u00e9gion et de villes telles que San Fernando se sont inscrits au concours local. Il s&rsquo;agit des chirigotas \u00ab\u00a0El club de los villanos\u00a0\u00bb, \u00ab\u00a0Las inmortales 2020\u00a0\u00bb, \u00ab\u00a0Las juments de Algeciras\u00a0\u00bb, \u00ab\u00a0A las claras del d\u00eda\u00a0\u00bb et \u00ab\u00a0Cu\u00e9ntame qu\u00e9 nos pas\u00f3\u00a0\u00bb d&rsquo;Algeciras, et \u00ab\u00a0Los Joaqu\u00edn Dead\u00a0\u00bb, de San Fernando.<\/p>\n<p>Parmi les groupes enregistr\u00e9s dans l&rsquo;Alameda figurent \u00ab\u00a0Hechiceras\u00a0\u00bb d&rsquo;Alg\u00e9siras, \u00ab\u00a0El batall\u00f3n del mar\u00a0\u00bb de Lugo, \u00ab\u00a0Vengo a por ti\u00a0\u00bb de San Fernando, \u00ab\u00a0Posdata : te quiero\u00a0\u00bb de Tarifa, \u00ab\u00a0Sin miedo a nada\u00a0\u00bb et \u00ab\u00a0La Tribu de C\u00e1diz\u00a0\u00bb, tous deux d&rsquo;Alg\u00e9siras.\u00a0 Demain, vendredi, l&rsquo;ordre de passage de chaque demi-finale sera d\u00e9termin\u00e9 par tirage au sort.<\/p>\n<p>Les prix des billets pour la comp\u00e9tition vont de 9 euros pour les demi-finales \u00e0 12 euros pour la grande soir\u00e9e de la finale.\u00a0 Les billets co\u00fbtent 25 euros.<\/p>\n<p>Traduit avec www.DeepL.com\/Translator (version gratuite)<\/p>\n","protected":false},"excerpt":{"rendered":"<p>Le guichet du th\u00e9\u00e2tre Alameda ouvrira t\u00f4t mercredi prochain. De neuf heures du matin \u00e0 deux heures de l&rsquo;apr\u00e8s-midi, les billets pour le concours de groupement de carnaval, pr\u00e9vu pour les 2, 3 et 4 mars, seront en vente. Comme [&hellip;]<\/p>\n","protected":false},"author":1,"featured_media":2618,"comment_status":"open","ping_status":"open","sticky":false,"template":"","format":"standard","meta":[],"categories":[95],"tags":[],"yoast_head":"<!-- This site is optimized with the Yoast SEO plugin v16.1.1 - https:\/\/yoast.com\/wordpress\/plugins\/seo\/ -->\n<title>Carnaval de Tarifa | Molino El Mastral | Casa Rural en Tarifa<\/title>\n<link rel=\"canonical\" href=\"https:\/\/mastral.com\/fr\/carnaval-de-tarifa\/\" \/>\n<meta property=\"og:locale\" content=\"fr_FR\" \/>\n<meta property=\"og:type\" content=\"article\" \/>\n<meta property=\"og:title\" content=\"Carnaval de Tarifa | Molino El Mastral | Casa Rural en Tarifa\" \/>\n<meta property=\"og:description\" content=\"Le guichet du th\u00e9\u00e2tre Alameda ouvrira t\u00f4t mercredi prochain. De neuf heures du matin \u00e0 deux heures de l&rsquo;apr\u00e8s-midi, les billets pour le concours de groupement de carnaval, pr\u00e9vu pour les 2, 3 et 4 mars, seront en vente. Comme [&hellip;]\" \/>\n<meta property=\"og:url\" content=\"https:\/\/mastral.com\/fr\/carnaval-de-tarifa\/\" \/>\n<meta property=\"og:site_name\" content=\"Molino El Mastral | Casa Rural en Tarifa\" \/>\n<meta property=\"article:published_time\" content=\"2020-02-25T09:23:48+00:00\" \/>\n<meta property=\"article:modified_time\" content=\"2020-02-25T09:25:28+00:00\" \/>\n<meta property=\"og:image\" content=\"https:\/\/mastral.com\/wp-content\/uploads\/2020\/02\/carnaval-de-tarifa-2020-tarifa.jpg\" \/>\n\t<meta property=\"og:image:width\" content=\"472\" \/>\n\t<meta property=\"og:image:height\" content=\"640\" \/>\n<meta name=\"twitter:card\" content=\"summary_large_image\" \/>\n<meta name=\"twitter:label1\" content=\"Dur\u00e9e de lecture est.\">\n\t<meta name=\"twitter:data1\" content=\"2 minutes\">\n<script type=\"application\/ld+json\" class=\"yoast-schema-graph\">{\"@context\":\"https:\/\/schema.org\",\"@graph\":[{\"@type\":\"Organization\",\"@id\":\"https:\/\/mastral.com\/#organization\",\"name\":\"Molino el Mastral\",\"url\":\"https:\/\/mastral.com\/\",\"sameAs\":[\"https:\/\/www.instagram.com\/molinoelmastral5\/\"],\"logo\":{\"@type\":\"ImageObject\",\"@id\":\"https:\/\/mastral.com\/#logo\",\"inLanguage\":\"fr-FR\",\"url\":\"https:\/\/mastral.com\/wp-content\/uploads\/2019\/12\/logox2.png\",\"contentUrl\":\"https:\/\/mastral.com\/wp-content\/uploads\/2019\/12\/logox2.png\",\"width\":398,\"height\":238,\"caption\":\"Molino el Mastral\"},\"image\":{\"@id\":\"https:\/\/mastral.com\/#logo\"}},{\"@type\":\"WebSite\",\"@id\":\"https:\/\/mastral.com\/#website\",\"url\":\"https:\/\/mastral.com\/\",\"name\":\"Molino El Mastral | Casa Rural en Tarifa\",\"description\":\"Casa Rural en Tarifa\",\"publisher\":{\"@id\":\"https:\/\/mastral.com\/#organization\"},\"potentialAction\":[{\"@type\":\"SearchAction\",\"target\":\"https:\/\/mastral.com\/?s={search_term_string}\",\"query-input\":\"required name=search_term_string\"}],\"inLanguage\":\"fr-FR\"},{\"@type\":\"ImageObject\",\"@id\":\"https:\/\/mastral.com\/fr\/carnaval-de-tarifa\/#primaryimage\",\"inLanguage\":\"fr-FR\",\"url\":\"https:\/\/mastral.com\/wp-content\/uploads\/2020\/02\/carnaval-de-tarifa-2020-tarifa.jpg\",\"contentUrl\":\"https:\/\/mastral.com\/wp-content\/uploads\/2020\/02\/carnaval-de-tarifa-2020-tarifa.jpg\",\"width\":472,\"height\":640},{\"@type\":\"WebPage\",\"@id\":\"https:\/\/mastral.com\/fr\/carnaval-de-tarifa\/#webpage\",\"url\":\"https:\/\/mastral.com\/fr\/carnaval-de-tarifa\/\",\"name\":\"Carnaval de Tarifa | Molino El Mastral | Casa Rural en Tarifa\",\"isPartOf\":{\"@id\":\"https:\/\/mastral.com\/#website\"},\"primaryImageOfPage\":{\"@id\":\"https:\/\/mastral.com\/fr\/carnaval-de-tarifa\/#primaryimage\"},\"datePublished\":\"2020-02-25T09:23:48+00:00\",\"dateModified\":\"2020-02-25T09:25:28+00:00\",\"breadcrumb\":{\"@id\":\"https:\/\/mastral.com\/fr\/carnaval-de-tarifa\/#breadcrumb\"},\"inLanguage\":\"fr-FR\",\"potentialAction\":[{\"@type\":\"ReadAction\",\"target\":[\"https:\/\/mastral.com\/fr\/carnaval-de-tarifa\/\"]}]},{\"@type\":\"BreadcrumbList\",\"@id\":\"https:\/\/mastral.com\/fr\/carnaval-de-tarifa\/#breadcrumb\",\"itemListElement\":[{\"@type\":\"ListItem\",\"position\":1,\"item\":{\"@type\":\"WebPage\",\"@id\":\"https:\/\/mastral.com\/fr\/\",\"url\":\"https:\/\/mastral.com\/fr\/\",\"name\":\"Portada\"}},{\"@type\":\"ListItem\",\"position\":2,\"item\":{\"@type\":\"WebPage\",\"@id\":\"https:\/\/mastral.com\/fr\/carnaval-de-tarifa\/\",\"url\":\"https:\/\/mastral.com\/fr\/carnaval-de-tarifa\/\",\"name\":\"Carnaval de Tarifa\"}}]},{\"@type\":\"Article\",\"@id\":\"https:\/\/mastral.com\/fr\/carnaval-de-tarifa\/#article\",\"isPartOf\":{\"@id\":\"https:\/\/mastral.com\/fr\/carnaval-de-tarifa\/#webpage\"},\"author\":{\"@id\":\"https:\/\/mastral.com\/#\/schema\/person\/acdb4dda2b298bfcc1635f29df84a82e\"},\"headline\":\"Carnaval de Tarifa\",\"datePublished\":\"2020-02-25T09:23:48+00:00\",\"dateModified\":\"2020-02-25T09:25:28+00:00\",\"mainEntityOfPage\":{\"@id\":\"https:\/\/mastral.com\/fr\/carnaval-de-tarifa\/#webpage\"},\"commentCount\":0,\"publisher\":{\"@id\":\"https:\/\/mastral.com\/#organization\"},\"image\":{\"@id\":\"https:\/\/mastral.com\/fr\/carnaval-de-tarifa\/#primaryimage\"},\"articleSection\":\"News\",\"inLanguage\":\"fr-FR\",\"potentialAction\":[{\"@type\":\"CommentAction\",\"name\":\"Comment\",\"target\":[\"https:\/\/mastral.com\/fr\/carnaval-de-tarifa\/#respond\"]}]},{\"@type\":\"Person\",\"@id\":\"https:\/\/mastral.com\/#\/schema\/person\/acdb4dda2b298bfcc1635f29df84a82e\",\"name\":\"admin\",\"image\":{\"@type\":\"ImageObject\",\"@id\":\"https:\/\/mastral.com\/#personlogo\",\"inLanguage\":\"fr-FR\",\"url\":\"https:\/\/secure.gravatar.com\/avatar\/c82b2342468dda06a2db01d120b2ae06?s=96&d=mm&r=g\",\"contentUrl\":\"https:\/\/secure.gravatar.com\/avatar\/c82b2342468dda06a2db01d120b2ae06?s=96&d=mm&r=g\",\"caption\":\"admin\"}}]}<\/script>\n<!-- \/ Yoast SEO plugin. -->","_links":{"self":[{"href":"https:\/\/mastral.com\/fr\/wp-json\/wp\/v2\/posts\/2622"}],"collection":[{"href":"https:\/\/mastral.com\/fr\/wp-json\/wp\/v2\/posts"}],"about":[{"href":"https:\/\/mastral.com\/fr\/wp-json\/wp\/v2\/types\/post"}],"author":[{"embeddable":true,"href":"https:\/\/mastral.com\/fr\/wp-json\/wp\/v2\/users\/1"}],"replies":[{"embeddable":true,"href":"https:\/\/mastral.com\/fr\/wp-json\/wp\/v2\/comments?post=2622"}],"version-history":[{"count":1,"href":"https:\/\/mastral.com\/fr\/wp-json\/wp\/v2\/posts\/2622\/revisions"}],"predecessor-version":[{"id":2623,"href":"https:\/\/mastral.com\/fr\/wp-json\/wp\/v2\/posts\/2622\/revisions\/2623"}],"wp:featuredmedia":[{"embeddable":true,"href":"https:\/\/mastral.com\/fr\/wp-json\/wp\/v2\/media\/2618"}],"wp:attachment":[{"href":"https:\/\/mastral.com\/fr\/wp-json\/wp\/v2\/media?parent=2622"}],"wp:term":[{"taxonomy":"category","embeddable":true,"href":"https:\/\/mastral.com\/fr\/wp-json\/wp\/v2\/categories?post=2622"},{"taxonomy":"post_tag","embeddable":true,"href":"https:\/\/mastral.com\/fr\/wp-json\/wp\/v2\/tags?post=2622"}],"curies":[{"name":"wp","href":"https:\/\/api.w.org\/{rel}","templated":true}]}}